{"id":3028,"date":"2022-05-21T20:00:27","date_gmt":"2022-05-22T00:00:27","guid":{"rendered":"https:\/\/www.barcazas.cl\/barcazas\/?p=3028"},"modified":"2022-05-21T20:24:17","modified_gmt":"2022-05-22T00:24:17","slug":"servicio-barcaza-21-05-2022-valdivia","status":"publish","type":"post","link":"https:\/\/www.barcazas.cl\/barcazas\/servicio-barcaza-21-05-2022-valdivia\/","title":{"rendered":"Servicio Barcaza 21-05-2022 Valdivia"},"content":{"rendered":"\t\t<div data-elementor-type=\"wp-post\" data-elementor-id=\"3028\" class=\"elementor elementor-3028\" data-elementor-post-type=\"post\">\n\t\t\t\t\t\t<section class=\"elementor-section elementor-top-section elementor-element elementor-element-a4ac2e6 elementor-section-boxed elementor-section-height-default elementor-section-height-default\" data-id=\"a4ac2e6\" data-element_type=\"section\" data-settings=\"{&quot;jet_parallax_layout_list&quot;:[{&quot;jet_parallax_layout_image&quot;:{&quot;url&quot;:&quot;&quot;,&quot;id&quot;:&quot;&quot;,&quot;size&quot;:&quot;&quot;},&quot;_id&quot;:&quot;6118e74&quot;,&quot;jet_parallax_layout_image_tablet&quot;:{&quot;url&quot;:&quot;&quot;,&quot;id&quot;:&quot;&quot;,&quot;size&quot;:&quot;&quot;},&quot;jet_parallax_layout_image_mobile&quot;:{&quot;url&quot;:&quot;&quot;,&quot;id&quot;:&quot;&quot;,&quot;size&quot;:&quot;&quot;},&quot;jet_parallax_layout_speed&quot;:{&quot;unit&quot;:&quot;%&quot;,&quot;size&quot;:50,&quot;sizes&quot;:[]},&quot;jet_parallax_layout_type&quot;:&quot;scroll&quot;,&quot;jet_parallax_layout_direction&quot;:null,&quot;jet_parallax_layout_fx_direction&quot;:null,&quot;jet_parallax_layout_z_index&quot;:&quot;&quot;,&quot;jet_parallax_layout_bg_x&quot;:50,&quot;jet_parallax_layout_bg_x_tablet&quot;:&quot;&quot;,&quot;jet_parallax_layout_bg_x_mobile&quot;:&quot;&quot;,&quot;jet_parallax_layout_bg_y&quot;:50,&quot;jet_parallax_layout_bg_y_tablet&quot;:&quot;&quot;,&quot;jet_parallax_layout_bg_y_mobile&quot;:&quot;&quot;,&quot;jet_parallax_layout_bg_size&quot;:&quot;auto&quot;,&quot;jet_parallax_layout_bg_size_tablet&quot;:&quot;&quot;,&quot;jet_parallax_layout_bg_size_mobile&quot;:&quot;&quot;,&quot;jet_parallax_layout_animation_prop&quot;:&quot;transform&quot;,&quot;jet_parallax_layout_on&quot;:[&quot;desktop&quot;,&quot;tablet&quot;]}]}\">\n\t\t\t\t\t\t<div class=\"elementor-container elementor-column-gap-default\">\n\t\t\t\t\t<div class=\"elementor-column elementor-col-100 elementor-top-column elementor-element elementor-element-7b9bf97\" data-id=\"7b9bf97\" data-element_type=\"column\">\n\t\t\t<div class=\"elementor-widget-wrap elementor-element-populated\">\n\t\t\t\t\t\t<div class=\"elementor-element elementor-element-7b06d4c elementor-widget elementor-widget-text-editor\" data-id=\"7b06d4c\" data-element_type=\"widget\" data-widget_type=\"text-editor.default\">\n\t\t\t\t<div class=\"elementor-widget-container\">\n\t\t\t\t\t\t\t\t\t<p>Informamos que, debido a las condiciones de marejada en Bah\u00eda de Corral, el \u00faltimo viaje de itinerario desde Niebla hacia Corral, y desde Corral hacia Niebla ser\u00e1 a las 22:00 hrs.<\/p><p>La conectividad Niebla-Carboneros, se mantiene con \u00faltimo servicio a las 22:30 hrs.<\/p>\t\t\t\t\t\t\t\t<\/div>\n\t\t\t\t<\/div>\n\t\t\t\t\t<\/div>\n\t\t<\/div>\n\t\t\t\t\t<\/div>\n\t\t<\/section>\n\t\t\t\t<\/div>\n\t\t","protected":false},"excerpt":{"rendered":"<p>Informamos que, debido a las condiciones de marejada en Bah\u00eda de Corral, el \u00faltimo viaje de itinerario desde Niebla hacia Corral, y desde Corral hacia Niebla ser\u00e1 a las 22:00 hrs. La conectividad Niebla-Carboneros, se mantiene con \u00faltimo servicio a las 22:30 hrs.<\/p>\n","protected":false},"author":1,"featured_media":0,"comment_status":"closed","ping_status":"closed","sticky":false,"template":"","format":"standard","meta":{"footnotes":""},"categories":[1],"tags":[],"class_list":["post-3028","post","type-post","status-publish","format-standard","hentry","category-sin-categorizar"],"_links":{"self":[{"href":"https:\/\/www.barcazas.cl\/barcazas\/wp-json\/wp\/v2\/posts\/3028","targetHints":{"allow":["GET"]}}],"collection":[{"href":"https:\/\/www.barcazas.cl\/barcazas\/wp-json\/wp\/v2\/posts"}],"about":[{"href":"https:\/\/www.barcazas.cl\/barcazas\/wp-json\/wp\/v2\/types\/post"}],"author":[{"embeddable":true,"href":"https:\/\/www.barcazas.cl\/barcazas\/wp-json\/wp\/v2\/users\/1"}],"replies":[{"embeddable":true,"href":"https:\/\/www.barcazas.cl\/barcazas\/wp-json\/wp\/v2\/comments?post=3028"}],"version-history":[{"count":4,"href":"https:\/\/www.barcazas.cl\/barcazas\/wp-json\/wp\/v2\/posts\/3028\/revisions"}],"predecessor-version":[{"id":3032,"href":"https:\/\/www.barcazas.cl\/barcazas\/wp-json\/wp\/v2\/posts\/3028\/revisions\/3032"}],"wp:attachment":[{"href":"https:\/\/www.barcazas.cl\/barcazas\/wp-json\/wp\/v2\/media?parent=3028"}],"wp:term":[{"taxonomy":"category","embeddable":true,"href":"https:\/\/www.barcazas.cl\/barcazas\/wp-json\/wp\/v2\/categories?post=3028"},{"taxonomy":"post_tag","embeddable":true,"href":"https:\/\/www.barcazas.cl\/barcazas\/wp-json\/wp\/v2\/tags?post=3028"}],"curies":[{"name":"wp","href":"https:\/\/api.w.org\/{rel}","templated":true}]}}