{"id":3049,"date":"2022-06-05T19:46:05","date_gmt":"2022-06-05T23:46:05","guid":{"rendered":"https:\/\/www.barcazas.cl\/barcazas\/?p=3049"},"modified":"2022-06-05T19:46:35","modified_gmt":"2022-06-05T23:46:35","slug":"suspension-servicio-05-06-2022-lago-general-carrera","status":"publish","type":"post","link":"https:\/\/www.barcazas.cl\/barcazas\/suspension-servicio-05-06-2022-lago-general-carrera\/","title":{"rendered":"Suspensi\u00f3n Servicio 05-06-2022 Lago General Carrera"},"content":{"rendered":"\t\t<div data-elementor-type=\"wp-post\" data-elementor-id=\"3049\" class=\"elementor elementor-3049\" data-elementor-post-type=\"post\">\n\t\t\t\t\t\t<section class=\"elementor-section elementor-top-section elementor-element elementor-element-1c18055 elementor-section-boxed elementor-section-height-default elementor-section-height-default\" data-id=\"1c18055\" data-element_type=\"section\" data-settings=\"{&quot;jet_parallax_layout_list&quot;:[{&quot;jet_parallax_layout_image&quot;:{&quot;url&quot;:&quot;&quot;,&quot;id&quot;:&quot;&quot;,&quot;size&quot;:&quot;&quot;},&quot;_id&quot;:&quot;a329890&quot;,&quot;jet_parallax_layout_image_tablet&quot;:{&quot;url&quot;:&quot;&quot;,&quot;id&quot;:&quot;&quot;,&quot;size&quot;:&quot;&quot;},&quot;jet_parallax_layout_image_mobile&quot;:{&quot;url&quot;:&quot;&quot;,&quot;id&quot;:&quot;&quot;,&quot;size&quot;:&quot;&quot;},&quot;jet_parallax_layout_speed&quot;:{&quot;unit&quot;:&quot;%&quot;,&quot;size&quot;:50,&quot;sizes&quot;:[]},&quot;jet_parallax_layout_type&quot;:&quot;scroll&quot;,&quot;jet_parallax_layout_direction&quot;:null,&quot;jet_parallax_layout_fx_direction&quot;:null,&quot;jet_parallax_layout_z_index&quot;:&quot;&quot;,&quot;jet_parallax_layout_bg_x&quot;:50,&quot;jet_parallax_layout_bg_x_tablet&quot;:&quot;&quot;,&quot;jet_parallax_layout_bg_x_mobile&quot;:&quot;&quot;,&quot;jet_parallax_layout_bg_y&quot;:50,&quot;jet_parallax_layout_bg_y_tablet&quot;:&quot;&quot;,&quot;jet_parallax_layout_bg_y_mobile&quot;:&quot;&quot;,&quot;jet_parallax_layout_bg_size&quot;:&quot;auto&quot;,&quot;jet_parallax_layout_bg_size_tablet&quot;:&quot;&quot;,&quot;jet_parallax_layout_bg_size_mobile&quot;:&quot;&quot;,&quot;jet_parallax_layout_animation_prop&quot;:&quot;transform&quot;,&quot;jet_parallax_layout_on&quot;:[&quot;desktop&quot;,&quot;tablet&quot;]}]}\">\n\t\t\t\t\t\t<div class=\"elementor-container elementor-column-gap-default\">\n\t\t\t\t\t<div class=\"elementor-column elementor-col-100 elementor-top-column elementor-element elementor-element-f567709\" data-id=\"f567709\" data-element_type=\"column\">\n\t\t\t<div class=\"elementor-widget-wrap elementor-element-populated\">\n\t\t\t\t\t\t<div class=\"elementor-element elementor-element-296e76f elementor-widget elementor-widget-text-editor\" data-id=\"296e76f\" data-element_type=\"widget\" data-widget_type=\"text-editor.default\">\n\t\t\t\t<div class=\"elementor-widget-container\">\n\t\t\t\t\t\t\t\t\t<p>Se informa que debido al mal clima reinante en puertos de Iba\u00f1ez y Chile Chico, la Capitan\u00eda de Puerto ha dispuesto el cierre de puerto para ambas localidades, con la medida se ha suspendido el zarpe programado para la tarde de este domingo. Seg\u00fan informaci\u00f3n emanada desde \u00a0autoridades mar\u00edtimas se realizar\u00e1 una nueva evaluaci\u00f3n ma\u00f1ana a las 06:30 am ya que reci\u00e9n en ese tiempo mejorar\u00edan las condiciones para navegabilidad.<\/p><p>Recordamos que pueden proceder al cambio de pasajes o solicitudes de reembolso seg\u00fan condiciones comerciales.<\/p>\t\t\t\t\t\t\t\t<\/div>\n\t\t\t\t<\/div>\n\t\t\t\t\t<\/div>\n\t\t<\/div>\n\t\t\t\t\t<\/div>\n\t\t<\/section>\n\t\t\t\t<\/div>\n\t\t","protected":false},"excerpt":{"rendered":"<p>Se informa que debido al mal clima reinante en puertos de Iba\u00f1ez y Chile Chico, la Capitan\u00eda de Puerto ha dispuesto el cierre de puerto para ambas localidades, con la medida se ha suspendido el zarpe programado para la tarde de este domingo. Seg\u00fan informaci\u00f3n emanada desde \u00a0autoridades mar\u00edtimas se realizar\u00e1 una nueva evaluaci\u00f3n ma\u00f1ana &#8230; <a title=\"Suspensi\u00f3n Servicio 05-06-2022 Lago General Carrera\" class=\"read-more\" href=\"https:\/\/www.barcazas.cl\/barcazas\/suspension-servicio-05-06-2022-lago-general-carrera\/\" aria-label=\"M\u00e1s en Suspensi\u00f3n Servicio 05-06-2022 Lago General Carrera\">Read more<\/a><\/p>\n","protected":false},"author":1,"featured_media":0,"comment_status":"closed","ping_status":"closed","sticky":false,"template":"","format":"standard","meta":{"footnotes":""},"categories":[1],"tags":[],"class_list":["post-3049","post","type-post","status-publish","format-standard","hentry","category-sin-categorizar"],"_links":{"self":[{"href":"https:\/\/www.barcazas.cl\/barcazas\/wp-json\/wp\/v2\/posts\/3049","targetHints":{"allow":["GET"]}}],"collection":[{"href":"https:\/\/www.barcazas.cl\/barcazas\/wp-json\/wp\/v2\/posts"}],"about":[{"href":"https:\/\/www.barcazas.cl\/barcazas\/wp-json\/wp\/v2\/types\/post"}],"author":[{"embeddable":true,"href":"https:\/\/www.barcazas.cl\/barcazas\/wp-json\/wp\/v2\/users\/1"}],"replies":[{"embeddable":true,"href":"https:\/\/www.barcazas.cl\/barcazas\/wp-json\/wp\/v2\/comments?post=3049"}],"version-history":[{"count":3,"href":"https:\/\/www.barcazas.cl\/barcazas\/wp-json\/wp\/v2\/posts\/3049\/revisions"}],"predecessor-version":[{"id":3052,"href":"https:\/\/www.barcazas.cl\/barcazas\/wp-json\/wp\/v2\/posts\/3049\/revisions\/3052"}],"wp:attachment":[{"href":"https:\/\/www.barcazas.cl\/barcazas\/wp-json\/wp\/v2\/media?parent=3049"}],"wp:term":[{"taxonomy":"category","embeddable":true,"href":"https:\/\/www.barcazas.cl\/barcazas\/wp-json\/wp\/v2\/categories?post=3049"},{"taxonomy":"post_tag","embeddable":true,"href":"https:\/\/www.barcazas.cl\/barcazas\/wp-json\/wp\/v2\/tags?post=3049"}],"curies":[{"name":"wp","href":"https:\/\/api.w.org\/{rel}","templated":true}]}}