{"id":3083,"date":"2022-06-15T19:16:15","date_gmt":"2022-06-15T23:16:15","guid":{"rendered":"https:\/\/www.barcazas.cl\/barcazas\/?p=3083"},"modified":"2022-06-15T19:16:44","modified_gmt":"2022-06-15T23:16:44","slug":"zarpe-15-06-2022-lago-general-carrera","status":"publish","type":"post","link":"https:\/\/www.barcazas.cl\/barcazas\/zarpe-15-06-2022-lago-general-carrera\/","title":{"rendered":"Zarpe 15-06-2022 Lago General Carrera"},"content":{"rendered":"\t\t<div data-elementor-type=\"wp-post\" data-elementor-id=\"3083\" class=\"elementor elementor-3083\" data-elementor-post-type=\"post\">\n\t\t\t\t\t\t<section class=\"elementor-section elementor-top-section elementor-element elementor-element-d643d27 elementor-section-boxed elementor-section-height-default elementor-section-height-default\" data-id=\"d643d27\" data-element_type=\"section\" data-settings=\"{&quot;jet_parallax_layout_list&quot;:[]}\">\n\t\t\t\t\t\t<div class=\"elementor-container elementor-column-gap-default\">\n\t\t\t\t\t<div class=\"elementor-column elementor-col-100 elementor-top-column elementor-element elementor-element-b363eb2\" data-id=\"b363eb2\" data-element_type=\"column\">\n\t\t\t<div class=\"elementor-widget-wrap elementor-element-populated\">\n\t\t\t\t\t\t<div class=\"elementor-element elementor-element-619e9e0 elementor-widget elementor-widget-text-editor\" data-id=\"619e9e0\" data-element_type=\"widget\" data-widget_type=\"text-editor.default\">\n\t\t\t\t<div class=\"elementor-widget-container\">\n\t\t\t\t\t\t\t\t\t<p>Informamos que por razones clim\u00e1ticas de viento fuerte en Puerto Ib\u00e1\u00f1ez se ha cerrado puerto por autoridad mar\u00edtima, por lo que el zarpe programado para hoy a las 20:00 horas queda suspendido hasta que las condiciones mejoren. Cabe se\u00f1alar que los cierres de puerto afectan a ambas embarcaciones. \u00a0<\/p><p>La evaluaci\u00f3n de viento se ha realizado con mediciones en sector Julepe, misma \u00e1rea que presenta condiciones inseguras para la navegabilidad.<\/p><p>Se indica que una nueva evaluaci\u00f3n se realizar\u00e1 ma\u00f1ana a primera hora para buscar una ventana que permita reanudar el itinerario.<\/p><p>Quienes deseen pueden solicitar su reembolso o solicitar un cambio de pasaje (sujeto a disponibilidad de cupo futuro)<\/p><p>Lamentamos los inconvenientes que producen las agrestes condiciones clim\u00e1ticas que imperan en el Lago General Carrera habitualmente.<\/p>\t\t\t\t\t\t\t\t<\/div>\n\t\t\t\t<\/div>\n\t\t\t\t\t<\/div>\n\t\t<\/div>\n\t\t\t\t\t<\/div>\n\t\t<\/section>\n\t\t\t\t<\/div>\n\t\t","protected":false},"excerpt":{"rendered":"<p>Informamos que por razones clim\u00e1ticas de viento fuerte en Puerto Ib\u00e1\u00f1ez se ha cerrado puerto por autoridad mar\u00edtima, por lo que el zarpe programado para hoy a las 20:00 horas queda suspendido hasta que las condiciones mejoren. Cabe se\u00f1alar que los cierres de puerto afectan a ambas embarcaciones. \u00a0 La evaluaci\u00f3n de viento se ha &#8230; <a title=\"Zarpe 15-06-2022 Lago General Carrera\" class=\"read-more\" href=\"https:\/\/www.barcazas.cl\/barcazas\/zarpe-15-06-2022-lago-general-carrera\/\" aria-label=\"M\u00e1s en Zarpe 15-06-2022 Lago General Carrera\">Read more<\/a><\/p>\n","protected":false},"author":1,"featured_media":0,"comment_status":"closed","ping_status":"closed","sticky":false,"template":"","format":"standard","meta":{"footnotes":""},"categories":[1],"tags":[],"class_list":["post-3083","post","type-post","status-publish","format-standard","hentry","category-sin-categorizar"],"_links":{"self":[{"href":"https:\/\/www.barcazas.cl\/barcazas\/wp-json\/wp\/v2\/posts\/3083","targetHints":{"allow":["GET"]}}],"collection":[{"href":"https:\/\/www.barcazas.cl\/barcazas\/wp-json\/wp\/v2\/posts"}],"about":[{"href":"https:\/\/www.barcazas.cl\/barcazas\/wp-json\/wp\/v2\/types\/post"}],"author":[{"embeddable":true,"href":"https:\/\/www.barcazas.cl\/barcazas\/wp-json\/wp\/v2\/users\/1"}],"replies":[{"embeddable":true,"href":"https:\/\/www.barcazas.cl\/barcazas\/wp-json\/wp\/v2\/comments?post=3083"}],"version-history":[{"count":3,"href":"https:\/\/www.barcazas.cl\/barcazas\/wp-json\/wp\/v2\/posts\/3083\/revisions"}],"predecessor-version":[{"id":3086,"href":"https:\/\/www.barcazas.cl\/barcazas\/wp-json\/wp\/v2\/posts\/3083\/revisions\/3086"}],"wp:attachment":[{"href":"https:\/\/www.barcazas.cl\/barcazas\/wp-json\/wp\/v2\/media?parent=3083"}],"wp:term":[{"taxonomy":"category","embeddable":true,"href":"https:\/\/www.barcazas.cl\/barcazas\/wp-json\/wp\/v2\/categories?post=3083"},{"taxonomy":"post_tag","embeddable":true,"href":"https:\/\/www.barcazas.cl\/barcazas\/wp-json\/wp\/v2\/tags?post=3083"}],"curies":[{"name":"wp","href":"https:\/\/api.w.org\/{rel}","templated":true}]}}